{"id":2391,"date":"2026-03-03T07:55:00","date_gmt":"2026-03-03T06:55:00","guid":{"rendered":"https:\/\/www.zsanettberec.sk\/rozhovory-madarsky-prakticky\/?p=2391"},"modified":"2026-02-24T20:42:12","modified_gmt":"2026-02-24T19:42:12","slug":"madarska-diakritika-dlzne-ktore-menia-vyznam","status":"publish","type":"post","link":"https:\/\/www.zsanettberec.sk\/rozhovory-madarsky-prakticky\/madarska-diakritika-dlzne-ktore-menia-vyznam","title":{"rendered":"Ma\u010farsk\u00e1 diakritika na sie\u0165ach a d\u013a\u017ene ktor\u00e9 menia v\u00fdznam"},"content":{"rendered":"\n<p><strong>Ma\u010farsk\u00e1 diakritika<\/strong> je v digit\u00e1lnom svete ohrozen\u00fdm druhom, \u010do vie poriadne potr\u00e1pi\u0165 ka\u017ed\u00e9ho, kto sa po dlh\u0161om \u010dase v zahrani\u010d\u00ed sna\u017e\u00ed op\u00e4\u0165 nasko\u010di\u0165 na vlnu svojho materinsk\u00e9ho jazyka. Otvor\u00edte Facebook alebo Instagram, za\u010d\u00edtate sa do diskusie a zrazu m\u00e1te pocit, \u017ee \u010d\u00edtate \u00faplne in\u00fd jazyk. <\/p>\n\n\n\n<p>Pr\u00e1ve absencia d\u013a\u017e\u0148ov v koment\u00e1roch sp\u00f4sobuje, \u017ee sa v texte kopia <strong>chyby v ma\u010far\u010dine<\/strong>, ktor\u00e9 by v p\u00edsomnom styku nepre\u0161li, no v r\u00fdchlom online svete s\u00fa be\u017enou praxou. Ak v\u00e1s tento \u201ediakritick\u00fd chaos\u201c vyv\u00e1dza z miery, sk\u00faste zisti\u0165, <a href=\"https:\/\/www.zsanettberec.sk\/rozhovory-madarsky-prakticky\/objavte-svoj-jazykovy-blok-madarciny-ktory-zo-4-typov-ste-vy\" target=\"_blank\" rel=\"noreferrer noopener\">ktor\u00fd zo 4 typov jazykov\u00e9ho bloku ste vy<\/a>, aby bolo va\u0161e <strong>opr\u00e1\u0161enie ma\u010far\u010diny<\/strong> plynul\u00e9 aj v prostred\u00ed bez d\u013a\u017e\u0148ov.<\/p>\n\n\n\n<div style=\"height:30px\" aria-hidden=\"true\" class=\"wp-block-spacer\"><\/div>\n\n\n\n<h2 class=\"wp-block-heading\"><strong>Ma\u010farsk\u00e1 diakritika<\/strong> a chaos v koment\u00e1roch<\/h2>\n\n\n\n<p>Pre\u010do v\u00e1m kontext mus\u00ed pr\u00eds\u0165 na pomoc? Pre \u010dloveka, ktor\u00fd m\u00e1 ma\u010far\u010dinu v uchu, ale roky ju nepou\u017e\u00edval akt\u00edvne, je \u010d\u00edtanie pr\u00edspevkov bez diakritiky mal\u00fdm detekt\u00edvnym cvi\u010den\u00edm. Ke\u010f komentuj\u00faci nepou\u017e\u00edva d\u013a\u017ene, <strong>v\u00fdznam slov v ma\u010far\u010dine<\/strong> sa st\u00e1va nejasn\u00fdm a vy mus\u00edte zapoji\u0165 v\u0161etku svoju logiku, aby ste zistili, \u010do chcel b\u00e1snik poveda\u0165. <\/p>\n\n\n\n<p>Tu u\u017e nepom\u00e1ha, \u017ee ma\u010far\u010dina je va\u0161im materinsk\u00fdm jazykom, ale \u010dist\u00e1 schopnos\u0165 vn\u00edma\u0165 kontext vety.<\/p>\n\n\n\n<div style=\"height:30px\" aria-hidden=\"true\" class=\"wp-block-spacer\"><\/div>\n\n\n\n<h2 class=\"wp-block-heading\">Ke\u010f \u201eryba\u201c nocuje a \u201ehrad\u201c \u010dak\u00e1<\/h2>\n\n\n\n<p>Pozrite sa, ako vie absencia diakritiky v texte zamota\u0165 hlavu:<\/p>\n\n\n\n<ul class=\"wp-block-list\">\n<li><strong>Hal vs. H\u00e1l:<\/strong> Nap\u00ed\u0161e niekto do koment\u00e1ra \u201e<em>hal<\/em>\u201c? M\u00f4\u017ee myslie\u0165 rybu, ale ak je vo vete slovo hotel, z kontextu v\u00e1m d\u00f4jde, \u017ee doty\u010dn\u00fd tam pravdepodobne nocuje (<em>h\u00e1l<\/em>).<\/li>\n\n\n\n<li><strong>Var vs. V\u00e1r:<\/strong> Bez d\u013a\u017e\u0148a je to chrasta (<em>var<\/em>), s n\u00edm je to bu\u010f hrad, alebo sloveso \u201e\u010dak\u00e1\u201c (<em>v\u00e1r<\/em>). Priznajme si, veta \u201e<em>a lany var<\/em>\u201c m\u00f4\u017ee bez d\u013a\u017e\u0148ov znie\u0165 v hlave poriadne stra\u0161idelne, k\u00fdm si neuvedom\u00edte, \u017ee diev\u010da len na niekoho \u010dak\u00e1.<\/li>\n\n\n\n<li><strong>Kor vs. K\u00f3r:<\/strong> Ke\u010f niekto p\u00ed\u0161e o nemocniciach a vynech\u00e1va d\u013a\u017ene, \u013eahko si pom\u00fdlite vek (<em>kor<\/em>) s diagn\u00f3zou \u010di chorobou (<em>k\u00f3r<\/em>).<\/li>\n<\/ul>\n\n\n\n<p>Tak\u00e9to <strong>chyby v ma\u010far\u010dine<\/strong> s\u00fa na dennom poriadku a n\u00fatia v\u00e1s \u010d\u00edta\u0165 vety aj trikr\u00e1t, k\u00fdm v\u00e1m \u201ecvakne\u201c ten spr\u00e1vny v\u00fdznam.<\/p>\n\n\n\n<div style=\"height:30px\" aria-hidden=\"true\" class=\"wp-block-spacer\"><\/div>\n\n\n\n<h2 class=\"wp-block-heading\">Ako na \u00faspe\u0161n\u00e9 <strong>opr\u00e1\u0161enie ma\u010far\u010diny<\/strong> v \u00e9re smartf\u00f3nov?<\/h2>\n\n\n\n<p>Nenechajte sa odradi\u0165 t\u00fdm, \u017ee p\u00edsomn\u00e1 ma\u010far\u010dina na internete vyzer\u00e1 inak, ne\u017e si ju pam\u00e4t\u00e1te z kn\u00edh. Tento digit\u00e1lny \u201eslang\u201c bez d\u013a\u017e\u0148ov je s\u00edce n\u00e1ro\u010dn\u00fd, ale je to skvel\u00fd tr\u00e9ning na to, aby sa va\u0161a <strong>ma\u010farsk\u00e1 diakritika<\/strong> a cit pre jazyk op\u00e4\u0165 zautomatizovali.<\/p>\n\n\n\n<p>Ak sa boj\u00edte, \u017ee pri p\u00edsan\u00ed s d\u013a\u017e\u0148ami budete p\u00f4sobi\u0165 pr\u00edli\u0161 form\u00e1lne, alebo \u017ee v\u00e1\u0161 <strong>ma\u010farsk\u00fd pr\u00edzvuk<\/strong> prer\u00e1\u017ea aj do va\u0161ich spr\u00e1v, nerobte si starosti. D\u00f4le\u017eit\u00e9 je, \u017ee sa op\u00e4\u0165 zap\u00e1jate. Spr\u00e1vny <strong>v\u00fdznam slov v ma\u010far\u010dine<\/strong> si poctiv\u00fd \u010ditate\u013e v kontexte v\u017edy n\u00e1jde a vy si t\u00fdmto sp\u00f4sobom brilantne tr\u00e9nujete mozog na rozli\u0161ovanie dvoji\u010diek slov.<\/p>\n\n\n\n<div style=\"height:30px\" aria-hidden=\"true\" class=\"wp-block-spacer\"><\/div>\n\n\n\n<h2 class=\"wp-block-heading\">Po\u010fte si so mnou vysk\u00fa\u0161a\u0165, \u010di v\u00e1m bud\u00fa rozumie\u0165 na prv\u00fdkr\u00e1t<\/h2>\n\n\n\n<p>Sk\u00faste nabud\u00face v koment\u00e1ri schv\u00e1lne pou\u017ei\u0165 d\u013a\u017ene aj tam, kde ich ostatn\u00ed vynech\u00e1vaj\u00fa. Uvid\u00edte, \u017ee v\u00e1\u0161 prejav z\u00edska na zrozumite\u013enosti a vy sa budete c\u00edti\u0165 istej\u0161ie v tom, \u017ee vyjadrujete presne to, \u010do chcete. Bez toho, aby niekto musel h\u00e1da\u0165 z kontextu.<\/p>\n\n\n\n<p>Niekedy \u010dl\u00e1nky nesta\u010dia a \u201ezhrdzaven\u00fd\u201c jazyk sa potrebuje jednoducho rozhovori\u0165. Ak chcete z\u00edska\u0165 sp\u00e4\u0165 svoju straten\u00fa istotu a vybr\u00fasi\u0165 detaily, ktor\u00e9 v\u00e1s v komunik\u00e1cii brzdia, po\u010fte si so mnou pretr\u00e9nova\u0165 ma\u010far\u010dinu online, ale na\u017eivo. Po\u010das <a href=\"https:\/\/www.zsanettberec.sk\/rozhovory-madarsky-prakticky\/individualne-rozhovory-po-madarsky\">n\u00e1\u0161ho spolo\u010dn\u00e9ho rozhovoru<\/a> vr\u00e1time v\u00e1\u0161mu hlasu t\u00fa spr\u00e1vnu mel\u00f3diu, aby ste sa op\u00e4\u0165 pri ka\u017edom rozhovore c\u00edtili ako doma.<\/p>\n\n\n\n<p><\/p>\n","protected":false},"excerpt":{"rendered":"<p>Ma\u010farsk\u00e1 diakritika je v digit\u00e1lnom svete ohrozen\u00fdm druhom, \u010do vie poriadne potr\u00e1pi\u0165 ka\u017ed\u00e9ho, kto sa po dlh\u0161om \u010dase v zahrani\u010d\u00ed sna\u017e\u00ed op\u00e4\u0165 nasko\u010di\u0165 na vlnu svojho materinsk\u00e9ho jazyka. Otvor\u00edte Facebook alebo Instagram, za\u010d\u00edtate sa do diskusie a zrazu m\u00e1te pocit, \u017ee \u010d\u00edtate \u00faplne in\u00fd jazyk. Pr\u00e1ve absencia d\u013a\u017e\u0148ov v koment\u00e1roch sp\u00f4sobuje, \u017ee sa v texte [&hellip;]<\/p>\n","protected":false},"author":1,"featured_media":2395,"comment_status":"open","ping_status":"open","sticky":false,"template":"","format":"standard","meta":{"zakra_page_container_layout":"customizer","zakra_page_sidebar_layout":"customizer","zakra_remove_content_margin":false,"zakra_sidebar":"customizer","zakra_transparent_header":"customizer","zakra_logo":0,"zakra_main_header_style":"default","zakra_menu_item_color":"","zakra_menu_item_hover_color":"","zakra_menu_item_active_color":"","zakra_menu_active_style":"","zakra_page_header":true,"footnotes":""},"categories":[36],"tags":[],"class_list":["post-2391","post","type-post","status-publish","format-standard","has-post-thumbnail","hentry","category-rozhovory-prakticky"],"_links":{"self":[{"href":"https:\/\/www.zsanettberec.sk\/rozhovory-madarsky-prakticky\/wp-json\/wp\/v2\/posts\/2391","targetHints":{"allow":["GET"]}}],"collection":[{"href":"https:\/\/www.zsanettberec.sk\/rozhovory-madarsky-prakticky\/wp-json\/wp\/v2\/posts"}],"about":[{"href":"https:\/\/www.zsanettberec.sk\/rozhovory-madarsky-prakticky\/wp-json\/wp\/v2\/types\/post"}],"author":[{"embeddable":true,"href":"https:\/\/www.zsanettberec.sk\/rozhovory-madarsky-prakticky\/wp-json\/wp\/v2\/users\/1"}],"replies":[{"embeddable":true,"href":"https:\/\/www.zsanettberec.sk\/rozhovory-madarsky-prakticky\/wp-json\/wp\/v2\/comments?post=2391"}],"version-history":[{"count":5,"href":"https:\/\/www.zsanettberec.sk\/rozhovory-madarsky-prakticky\/wp-json\/wp\/v2\/posts\/2391\/revisions"}],"predecessor-version":[{"id":2420,"href":"https:\/\/www.zsanettberec.sk\/rozhovory-madarsky-prakticky\/wp-json\/wp\/v2\/posts\/2391\/revisions\/2420"}],"wp:featuredmedia":[{"embeddable":true,"href":"https:\/\/www.zsanettberec.sk\/rozhovory-madarsky-prakticky\/wp-json\/wp\/v2\/media\/2395"}],"wp:attachment":[{"href":"https:\/\/www.zsanettberec.sk\/rozhovory-madarsky-prakticky\/wp-json\/wp\/v2\/media?parent=2391"}],"wp:term":[{"taxonomy":"category","embeddable":true,"href":"https:\/\/www.zsanettberec.sk\/rozhovory-madarsky-prakticky\/wp-json\/wp\/v2\/categories?post=2391"},{"taxonomy":"post_tag","embeddable":true,"href":"https:\/\/www.zsanettberec.sk\/rozhovory-madarsky-prakticky\/wp-json\/wp\/v2\/tags?post=2391"}],"curies":[{"name":"wp","href":"https:\/\/api.w.org\/{rel}","templated":true}]}}