{"id":2259,"date":"2026-02-21T08:50:45","date_gmt":"2026-02-21T07:50:45","guid":{"rendered":"https:\/\/www.zsanettberec.sk\/rozhovory-madarsky-prakticky\/?p=2259"},"modified":"2026-02-22T22:00:06","modified_gmt":"2026-02-22T21:00:06","slug":"oslavte-medzinarodny-den-materinskeho-jazyka","status":"publish","type":"post","link":"https:\/\/www.zsanettberec.sk\/rozhovory-madarsky-prakticky\/oslavte-medzinarodny-den-materinskeho-jazyka","title":{"rendered":"\u200bOsl\u00e1vte Medzin\u00e1rodn\u00fd de\u0148 materinsk\u00e9ho jazyka"},"content":{"rendered":"\n<p><strong>Medzin\u00e1rodn\u00fd de\u0148 materinsk\u00e9ho jazyka<\/strong>, ktor\u00fd si ka\u017edoro\u010dne pripom\u00edname 21. febru\u00e1ra, nie je len \u010fal\u0161\u00edm d\u00e1tumom v kalend\u00e1ri. Je to de\u0148, kedy oslavujeme rozmanitos\u0165 a kult\u00farne dedi\u010dstvo ukryt\u00e9 v ka\u017edej jednej re\u010di. <\/p>\n\n\n\n<p>Pr\u00e1ve tento sviatok, zameran\u00fd na <a href=\"https:\/\/www.teraz.sk\/kultura\/dnes-je-medzinarodny-den-materinskeh\/942552-clanok.html\" target=\"_blank\" rel=\"noreferrer noopener\">podporu a ochranu v\u0161etk\u00fdch jazykov sveta<\/a>, n\u00e1m pripom\u00edna, ak\u00e9 vz\u00e1cne s\u00fa na\u0161e korene. Moj\u00edm materinsk\u00fdm jazykom je ma\u010far\u010dina. Re\u010d, v ktorej som si prv\u00fdkr\u00e1t uvedomila, k\u00fdm som a kam patr\u00edm.<\/p>\n\n\n\n<div style=\"height:30px\" aria-hidden=\"true\" class=\"wp-block-spacer\"><\/div>\n\n\n\n<h2 class=\"wp-block-heading\">\u200bMedzin\u00e1rodn\u00fd de\u0148 materinsk\u00e9ho jazyka a cena, ktor\u00fa plat\u00edte za ml\u010danie<\/h2>\n\n\n\n<p>\u200bTu je tvrd\u00e1 realita. Ak va\u0161u rodn\u00fa re\u010d nepou\u017e\u00edvate, prich\u00e1dzate o viac ne\u017e len o slovn\u00fa z\u00e1sobu. Prich\u00e1dzate o spojenie so svojou rodinou, o h\u013abku v rozhovoroch a o kus vlastn\u00e9ho sebavedomia. Tento stav sa \u010dasto skr\u00fdva pod n\u00e1zov <strong>zabudnut\u00e1 ma\u010far\u010dina<\/strong>. <\/p>\n\n\n\n<p>Ale pravda je tak\u00e1, \u017ee jazyk tam st\u00e1le je. Len je uv\u00e4znen\u00fd za bari\u00e9rou, ktor\u00fa ste si \u010dasom postavili. Ak dnes pri pomyslen\u00ed na rozhovor v ma\u010far\u010dine c\u00edtite \u00fazkos\u0165, mali by ste <a href=\"https:\/\/www.zsanettberec.sk\/rozhovory-madarsky-prakticky\/objavte-svoj-jazykovy-blok-madarciny-ktory-zo-4-typov-ste-vy\" target=\"_blank\" rel=\"noreferrer noopener\">objavi\u0165 svoj jazykov\u00fd blok ma\u010far\u010diny<\/a> a zisti\u0165, \u010do presne v\u00e1s brzd\u00ed. <strong>Medzin\u00e1rodn\u00fd de\u0148 materinsk\u00e9ho jazyka<\/strong> by mal by\u0165 d\u0148om, kedy si t\u00fato bari\u00e9ru prizn\u00e1te.<\/p>\n\n\n\n<p>\u200bMnoho \u013eud\u00ed \u010dak\u00e1 na \u201evhodn\u00fa chv\u00ed\u013eu\u201c, kedy sa do toho znova pustia. \u010cakaj\u00fa, k\u00fdm si zopakuj\u00fa gramatiku, k\u00fdm si nie\u010do pre\u010d\u00edtaj\u00fa, k\u00fdm bud\u00fa pripraven\u00ed. To je pasca. <\/p>\n\n\n\n<figure class=\"wp-block-image aligncenter size-large is-resized\"><img fetchpriority=\"high\" decoding=\"async\" width=\"1024\" height=\"559\" src=\"https:\/\/www.zsanettberec.sk\/rozhovory-madarsky-prakticky\/wp-content\/uploads\/2026\/02\/medzinarodny-den-materinskeho-jazyka-1-1024x559.png\" alt=\"medzin\u00e1rodn\u00fd de\u0148 materinsk\u00e9ho jazyka, \u013eudia sedia okolo stola z dreva v parku a rozpr\u00e1vaj\u00fa sa \" class=\"wp-image-2289\" style=\"width:650px\" srcset=\"https:\/\/www.zsanettberec.sk\/rozhovory-madarsky-prakticky\/wp-content\/uploads\/2026\/02\/medzinarodny-den-materinskeho-jazyka-1-1024x559.png 1024w, https:\/\/www.zsanettberec.sk\/rozhovory-madarsky-prakticky\/wp-content\/uploads\/2026\/02\/medzinarodny-den-materinskeho-jazyka-1-300x164.png 300w, https:\/\/www.zsanettberec.sk\/rozhovory-madarsky-prakticky\/wp-content\/uploads\/2026\/02\/medzinarodny-den-materinskeho-jazyka-1-768x419.png 768w, https:\/\/www.zsanettberec.sk\/rozhovory-madarsky-prakticky\/wp-content\/uploads\/2026\/02\/medzinarodny-den-materinskeho-jazyka-1-1536x838.png 1536w, https:\/\/www.zsanettberec.sk\/rozhovory-madarsky-prakticky\/wp-content\/uploads\/2026\/02\/medzinarodny-den-materinskeho-jazyka-1-2048x1117.png 2048w\" sizes=\"(max-width: 1024px) 100vw, 1024px\" \/><\/figure>\n\n\n\n<p>Plynulos\u0165 nie je odmena za u\u010denie sa z kn\u00edh. Plynulos\u0165 je v\u00fdsledkom desiatok nedokonal\u00fdch pokusov. Moje <strong>konzult\u00e1cie v ma\u010farskom jazyku<\/strong> nie s\u00fa pre t\u00fdch, ktor\u00ed chc\u00fa \u010fal\u0161iu te\u00f3riu. S\u00fa pre t\u00fdch, ktor\u00ed chc\u00fa akciu. Nie sme v \u0161kole, vedieme re\u00e1lne <strong>rozhovory v ma\u010far\u010dine<\/strong>.<\/p>\n\n\n\n<p>\u200bHovori\u0165 s chybami je tis\u00edckr\u00e1t lep\u0161ie ako ml\u010da\u0165 s dokonalou gramatikou v hlave. Ka\u017ed\u00fd <strong>jazykov\u00fd blok v ma\u010far\u010dine<\/strong> vznik\u00e1 z predstavy, \u017ee mus\u00edme by\u0165 bezchybn\u00ed. Ale plynulos\u0165 sa rod\u00ed v chyb\u00e1ch. Ak si chcete \u00faprimne <a href=\"https:\/\/www.zsanettberec.sk\/rozhovory-madarsky-prakticky\/objavte-svoj-jazykovy-blok-madarciny-ktory-zo-4-typov-ste-vy\" target=\"_blank\" rel=\"noreferrer noopener\">overi\u0165 svoj typ jazykov\u00e9ho bloku<\/a>, urobte to hne\u010f teraz. Ne\u010dakajte na pondelok. Ne\u010dakajte, k\u00fdm si k\u00fapite nov\u00fd slovn\u00edk.<\/p>\n\n\n\n<p>\u200b<strong>Medzin\u00e1rodn\u00fd de\u0148 materinsk\u00e9ho jazyka<\/strong> je ide\u00e1lnou pr\u00edle\u017eitos\u0165ou na rozhodnutie. M\u00f4\u017eete si poveda\u0165, \u017ee ma\u010far\u010dina je u\u017e len va\u0161ou minulos\u0165ou, alebo z nej urob\u00edte svoju pr\u00edtomnos\u0165.<\/p>\n\n\n\n<p>Ak c\u00edtite, \u017ee v\u00e1s va\u0161a rodn\u00e1 re\u010d st\u00e1le vol\u00e1, neodpovedajte jej ml\u010dan\u00edm. Invest\u00edcia do vlastnej schopnosti komunikova\u0165 je t\u00e1 najlep\u0161ia, ak\u00fa m\u00f4\u017eete urobi\u0165.<\/p>\n\n\n\n<p>\u200bMoja pomoc a sprev\u00e1dzanie s\u00fa tu pre ka\u017ed\u00e9ho, kto pochopil, \u017ee tajomstvom \u00faspechu nie je talent, ale odvaha za\u010da\u0165 op\u00e4\u0165 rozpr\u00e1va\u0165. Presta\u0148te sa ospravedl\u0148ova\u0165 za to, \u017ee ste nie\u010do zabudli, a za\u010dnite robi\u0165 to, \u010do je potrebn\u00e9, aby ste si spomenuli.<\/p>\n\n\n\n<p>\u200bZ\u00e1verom si uvedomme jedno. Jazyk je dar, ktor\u00fd sme dostali. Ale je na n\u00e1s, \u010di ho nech\u00e1me v krabici, alebo ho za\u010dneme pou\u017e\u00edva\u0165 na budovanie lep\u0161\u00edch vz\u0165ahov a silnej\u0161ieho ja. <\/p>\n\n\n\n<p>Osl\u00e1vte <strong>Medzin\u00e1rodn\u00fd de\u0148 materinsk\u00e9ho jazyka<\/strong> \u010dinom. Urobte ten prv\u00fd krok. Va\u0161a identita a va\u0161e sebavedomie v\u00e1m za to stoja. <\/p>\n\n\n\n<div class=\"wp-block-buttons is-content-justification-center is-layout-flex wp-container-core-buttons-is-layout-a89b3969 wp-block-buttons-is-layout-flex\">\n<div class=\"wp-block-button has-custom-width wp-block-button__width-75\"><a class=\"wp-block-button__link has-zakra-color-4-color has-text-color has-background has-link-color has-medium-font-size has-text-align-center has-custom-font-size wp-element-button\" href=\"https:\/\/www.zsanettberec.sk\/rozhovory-madarsky-prakticky\/objavte-svoj-jazykovy-blok-madarciny-ktory-zo-4-typov-ste-vy\" style=\"border-top-left-radius:50px;border-top-right-radius:50px;border-bottom-left-radius:50px;border-bottom-right-radius:50px;background-color:#168f5b\" target=\"_blank\" rel=\"noreferrer noopener\">Vypl\u0148te test za 0\u20ac o jazykov\u00fdch blokoch<\/a><\/div>\n<\/div>\n","protected":false},"excerpt":{"rendered":"<p>Medzin\u00e1rodn\u00fd de\u0148 materinsk\u00e9ho jazyka, ktor\u00fd si ka\u017edoro\u010dne pripom\u00edname 21. febru\u00e1ra, nie je len \u010fal\u0161\u00edm d\u00e1tumom v kalend\u00e1ri. Je to de\u0148, kedy oslavujeme rozmanitos\u0165 a kult\u00farne dedi\u010dstvo ukryt\u00e9 v ka\u017edej jednej re\u010di. Pr\u00e1ve tento sviatok, zameran\u00fd na podporu a ochranu v\u0161etk\u00fdch jazykov sveta, n\u00e1m pripom\u00edna, ak\u00e9 vz\u00e1cne s\u00fa na\u0161e korene. Moj\u00edm materinsk\u00fdm jazykom je ma\u010far\u010dina. Re\u010d, [&hellip;]<\/p>\n","protected":false},"author":1,"featured_media":2297,"comment_status":"closed","ping_status":"closed","sticky":false,"template":"","format":"standard","meta":{"zakra_page_container_layout":"customizer","zakra_page_sidebar_layout":"customizer","zakra_remove_content_margin":false,"zakra_sidebar":"customizer","zakra_transparent_header":"customizer","zakra_logo":0,"zakra_main_header_style":"default","zakra_menu_item_color":"","zakra_menu_item_hover_color":"","zakra_menu_item_active_color":"","zakra_menu_active_style":"","zakra_page_header":true,"footnotes":""},"categories":[37],"tags":[],"class_list":["post-2259","post","type-post","status-publish","format-standard","has-post-thumbnail","hentry","category-zaujimavosti"],"_links":{"self":[{"href":"https:\/\/www.zsanettberec.sk\/rozhovory-madarsky-prakticky\/wp-json\/wp\/v2\/posts\/2259","targetHints":{"allow":["GET"]}}],"collection":[{"href":"https:\/\/www.zsanettberec.sk\/rozhovory-madarsky-prakticky\/wp-json\/wp\/v2\/posts"}],"about":[{"href":"https:\/\/www.zsanettberec.sk\/rozhovory-madarsky-prakticky\/wp-json\/wp\/v2\/types\/post"}],"author":[{"embeddable":true,"href":"https:\/\/www.zsanettberec.sk\/rozhovory-madarsky-prakticky\/wp-json\/wp\/v2\/users\/1"}],"replies":[{"embeddable":true,"href":"https:\/\/www.zsanettberec.sk\/rozhovory-madarsky-prakticky\/wp-json\/wp\/v2\/comments?post=2259"}],"version-history":[{"count":9,"href":"https:\/\/www.zsanettberec.sk\/rozhovory-madarsky-prakticky\/wp-json\/wp\/v2\/posts\/2259\/revisions"}],"predecessor-version":[{"id":2296,"href":"https:\/\/www.zsanettberec.sk\/rozhovory-madarsky-prakticky\/wp-json\/wp\/v2\/posts\/2259\/revisions\/2296"}],"wp:featuredmedia":[{"embeddable":true,"href":"https:\/\/www.zsanettberec.sk\/rozhovory-madarsky-prakticky\/wp-json\/wp\/v2\/media\/2297"}],"wp:attachment":[{"href":"https:\/\/www.zsanettberec.sk\/rozhovory-madarsky-prakticky\/wp-json\/wp\/v2\/media?parent=2259"}],"wp:term":[{"taxonomy":"category","embeddable":true,"href":"https:\/\/www.zsanettberec.sk\/rozhovory-madarsky-prakticky\/wp-json\/wp\/v2\/categories?post=2259"},{"taxonomy":"post_tag","embeddable":true,"href":"https:\/\/www.zsanettberec.sk\/rozhovory-madarsky-prakticky\/wp-json\/wp\/v2\/tags?post=2259"}],"curies":[{"name":"wp","href":"https:\/\/api.w.org\/{rel}","templated":true}]}}